{"id":463,"date":"2019-04-03T12:54:34","date_gmt":"2019-04-03T10:54:34","guid":{"rendered":"http:\/\/fotostudio-karl.de\/blog\/?p=463"},"modified":"2020-04-16T15:05:51","modified_gmt":"2020-04-16T13:05:51","slug":"beate-herborn","status":"publish","type":"post","link":"http:\/\/fotostudio-karl.de\/blog\/index.php\/2019\/04\/03\/beate-herborn\/","title":{"rendered":"Beate Herborn"},"content":{"rendered":"\n<div class=\"wp-block-image\"><figure class=\"aligncenter\"><img loading=\"lazy\" decoding=\"async\" width=\"300\" height=\"300\" src=\"http:\/\/fotostudio-karl.de\/blog\/wp-content\/uploads\/2019\/04\/pola-beate-300x300.jpg\" alt=\"Beate Herborn\" class=\"wp-image-446\" srcset=\"http:\/\/fotostudio-karl.de\/blog\/wp-content\/uploads\/2019\/04\/pola-beate-300x300.jpg 300w, http:\/\/fotostudio-karl.de\/blog\/wp-content\/uploads\/2019\/04\/pola-beate-150x150.jpg 150w, http:\/\/fotostudio-karl.de\/blog\/wp-content\/uploads\/2019\/04\/pola-beate-768x768.jpg 768w, http:\/\/fotostudio-karl.de\/blog\/wp-content\/uploads\/2019\/04\/pola-beate-1024x1024.jpg 1024w, http:\/\/fotostudio-karl.de\/blog\/wp-content\/uploads\/2019\/04\/pola-beate-260x260.jpg 260w, http:\/\/fotostudio-karl.de\/blog\/wp-content\/uploads\/2019\/04\/pola-beate-290x290.jpg 290w, http:\/\/fotostudio-karl.de\/blog\/wp-content\/uploads\/2019\/04\/pola-beate-210x210.jpg 210w, http:\/\/fotostudio-karl.de\/blog\/wp-content\/uploads\/2019\/04\/pola-beate-400x400.jpg 400w, http:\/\/fotostudio-karl.de\/blog\/wp-content\/uploads\/2019\/04\/pola-beate-600x600.jpg 600w, http:\/\/fotostudio-karl.de\/blog\/wp-content\/uploads\/2019\/04\/pola-beate.jpg 1500w\" sizes=\"auto, (max-width: 300px) 100vw, 300px\" \/><\/figure><\/div>\n","protected":false},"excerpt":{"rendered":"","protected":false},"author":1,"featured_media":446,"comment_status":"closed","ping_status":"closed","sticky":false,"template":"","format":"standard","meta":{"ngg_post_thumbnail":0,"footnotes":""},"categories":[7],"tags":[23,9,24,10,25],"class_list":["post-463","post","type-post","status-publish","format-standard","has-post-thumbnail","hentry","category-mitarbeiter","tag-beate-herborn","tag-fotografin","tag-laborantin","tag-studio-limburg","tag-studio-offheim"],"yoast_head":"<!-- This site is optimized with the Yoast SEO plugin v21.9.1 - https:\/\/yoast.com\/wordpress\/plugins\/seo\/ -->\n<title>Beate Herborn - fotostudio karl<\/title>\n<meta name=\"description\" content=\"Euer Foto-Allrounder in Limburg an der Lahn. Ihr findet uns auf Hochzeiten, Abi-B\u00e4llen, in Kinderg\u00e4rten und Schulen, Tanzschulen, im Portraitstudio oder auf der Apfelwiese, im Passbildstudio in Limburg in der Grabenstrasse, im Portraitstudio in Offheim und an der Location eurer Wahl. Wir bringen euch unsere Fotobox mit Spa\u00dfgarantie, oder fotografieren euer Produkt, Firma, Ger\u00e4t oder Auto vor Ort oder im gro\u00dfen Werbestudio in Offheim.\" \/>\n<meta name=\"robots\" content=\"index, follow, max-snippet:-1, max-image-preview:large, max-video-preview:-1\" \/>\n<link rel=\"canonical\" href=\"http:\/\/fotostudio-karl.de\/blog\/index.php\/2019\/04\/03\/beate-herborn\/\" \/>\n<meta property=\"og:locale\" content=\"de_DE\" \/>\n<meta property=\"og:type\" content=\"article\" \/>\n<meta property=\"og:title\" content=\"Beate Herborn - fotostudio karl\" \/>\n<meta property=\"og:description\" content=\"Euer Foto-Allrounder in Limburg an der Lahn. Ihr findet uns auf Hochzeiten, Abi-B\u00e4llen, in Kinderg\u00e4rten und Schulen, Tanzschulen, im Portraitstudio oder auf der Apfelwiese, im Passbildstudio in Limburg in der Grabenstrasse, im Portraitstudio in Offheim und an der Location eurer Wahl. Wir bringen euch unsere Fotobox mit Spa\u00dfgarantie, oder fotografieren euer Produkt, Firma, Ger\u00e4t oder Auto vor Ort oder im gro\u00dfen Werbestudio in Offheim.\" \/>\n<meta property=\"og:url\" content=\"http:\/\/fotostudio-karl.de\/blog\/index.php\/2019\/04\/03\/beate-herborn\/\" \/>\n<meta property=\"og:site_name\" content=\"fotostudio karl\" \/>\n<meta property=\"article:publisher\" content=\"https:\/\/www.facebook.com\/Fotostudio-Karl-GmbH-100206283391338\/\" \/>\n<meta property=\"article:published_time\" content=\"2019-04-03T10:54:34+00:00\" \/>\n<meta property=\"article:modified_time\" content=\"2020-04-16T13:05:51+00:00\" \/>\n<meta property=\"og:image\" content=\"http:\/\/fotostudio-karl.de\/blog\/wp-content\/uploads\/2019\/04\/pola-beate.jpg\" \/>\n\t<meta property=\"og:image:width\" content=\"1500\" \/>\n\t<meta property=\"og:image:height\" content=\"1500\" \/>\n\t<meta property=\"og:image:type\" content=\"image\/jpeg\" \/>\n<meta name=\"author\" content=\"Bruno\" \/>\n<meta name=\"twitter:card\" content=\"summary_large_image\" \/>\n<meta name=\"twitter:label1\" content=\"Verfasst von\" \/>\n\t<meta name=\"twitter:data1\" content=\"Bruno\" \/>\n<script type=\"application\/ld+json\" class=\"yoast-schema-graph\">{\"@context\":\"https:\/\/schema.org\",\"@graph\":[{\"@type\":\"Article\",\"@id\":\"http:\/\/fotostudio-karl.de\/blog\/index.php\/2019\/04\/03\/beate-herborn\/#article\",\"isPartOf\":{\"@id\":\"http:\/\/fotostudio-karl.de\/blog\/index.php\/2019\/04\/03\/beate-herborn\/\"},\"author\":{\"name\":\"Bruno\",\"@id\":\"http:\/\/fotostudio-karl.de\/blog\/#\/schema\/person\/fe0502f320a56657147509674513995a\"},\"headline\":\"Beate Herborn\",\"datePublished\":\"2019-04-03T10:54:34+00:00\",\"dateModified\":\"2020-04-16T13:05:51+00:00\",\"mainEntityOfPage\":{\"@id\":\"http:\/\/fotostudio-karl.de\/blog\/index.php\/2019\/04\/03\/beate-herborn\/\"},\"wordCount\":2,\"publisher\":{\"@id\":\"http:\/\/fotostudio-karl.de\/blog\/#organization\"},\"keywords\":[\"Beate Herborn\",\"Fotografin\",\"Laborantin\",\"Studio Limburg\",\"Studio Offheim\"],\"articleSection\":[\"Mitarbeiter\"],\"inLanguage\":\"de\"},{\"@type\":\"WebPage\",\"@id\":\"http:\/\/fotostudio-karl.de\/blog\/index.php\/2019\/04\/03\/beate-herborn\/\",\"url\":\"http:\/\/fotostudio-karl.de\/blog\/index.php\/2019\/04\/03\/beate-herborn\/\",\"name\":\"Beate Herborn - fotostudio karl\",\"isPartOf\":{\"@id\":\"http:\/\/fotostudio-karl.de\/blog\/#website\"},\"datePublished\":\"2019-04-03T10:54:34+00:00\",\"dateModified\":\"2020-04-16T13:05:51+00:00\",\"description\":\"Euer Foto-Allrounder in Limburg an der Lahn. Ihr findet uns auf Hochzeiten, Abi-B\u00e4llen, in Kinderg\u00e4rten und Schulen, Tanzschulen, im Portraitstudio oder auf der Apfelwiese, im Passbildstudio in Limburg in der Grabenstrasse, im Portraitstudio in Offheim und an der Location eurer Wahl. Wir bringen euch unsere Fotobox mit Spa\u00dfgarantie, oder fotografieren euer Produkt, Firma, Ger\u00e4t oder Auto vor Ort oder im gro\u00dfen Werbestudio in Offheim.\",\"breadcrumb\":{\"@id\":\"http:\/\/fotostudio-karl.de\/blog\/index.php\/2019\/04\/03\/beate-herborn\/#breadcrumb\"},\"inLanguage\":\"de\",\"potentialAction\":[{\"@type\":\"ReadAction\",\"target\":[\"http:\/\/fotostudio-karl.de\/blog\/index.php\/2019\/04\/03\/beate-herborn\/\"]}]},{\"@type\":\"BreadcrumbList\",\"@id\":\"http:\/\/fotostudio-karl.de\/blog\/index.php\/2019\/04\/03\/beate-herborn\/#breadcrumb\",\"itemListElement\":[{\"@type\":\"ListItem\",\"position\":1,\"name\":\"Startseite\",\"item\":\"http:\/\/fotostudio-karl.de\/blog\/\"},{\"@type\":\"ListItem\",\"position\":2,\"name\":\"Beate Herborn\"}]},{\"@type\":\"WebSite\",\"@id\":\"http:\/\/fotostudio-karl.de\/blog\/#website\",\"url\":\"http:\/\/fotostudio-karl.de\/blog\/\",\"name\":\"fotostudio karl\",\"description\":\"Limburgs Foto-Allrounder\",\"publisher\":{\"@id\":\"http:\/\/fotostudio-karl.de\/blog\/#organization\"},\"potentialAction\":[{\"@type\":\"SearchAction\",\"target\":{\"@type\":\"EntryPoint\",\"urlTemplate\":\"http:\/\/fotostudio-karl.de\/blog\/?s={search_term_string}\"},\"query-input\":\"required name=search_term_string\"}],\"inLanguage\":\"de\"},{\"@type\":\"Organization\",\"@id\":\"http:\/\/fotostudio-karl.de\/blog\/#organization\",\"name\":\"fotostudio karl GmbH\",\"url\":\"http:\/\/fotostudio-karl.de\/blog\/\",\"logo\":{\"@type\":\"ImageObject\",\"inLanguage\":\"de\",\"@id\":\"http:\/\/fotostudio-karl.de\/blog\/#\/schema\/logo\/image\/\",\"url\":\"http:\/\/fotostudio-karl.de\/blog\/wp-content\/uploads\/2019\/03\/fotostudio-karl.gif\",\"contentUrl\":\"http:\/\/fotostudio-karl.de\/blog\/wp-content\/uploads\/2019\/03\/fotostudio-karl.gif\",\"width\":791,\"height\":791,\"caption\":\"fotostudio karl GmbH\"},\"image\":{\"@id\":\"http:\/\/fotostudio-karl.de\/blog\/#\/schema\/logo\/image\/\"},\"sameAs\":[\"https:\/\/www.facebook.com\/Fotostudio-Karl-GmbH-100206283391338\/\",\"https:\/\/www.instagram.com\/fotostudio_karl\/\"]},{\"@type\":\"Person\",\"@id\":\"http:\/\/fotostudio-karl.de\/blog\/#\/schema\/person\/fe0502f320a56657147509674513995a\",\"name\":\"Bruno\",\"image\":{\"@type\":\"ImageObject\",\"inLanguage\":\"de\",\"@id\":\"http:\/\/fotostudio-karl.de\/blog\/#\/schema\/person\/image\/\",\"url\":\"https:\/\/secure.gravatar.com\/avatar\/d61c12c57ad48dd8660631fef8b7a4e4266be5bbb3fc22ada4cfc6e0e201f68c?s=96&d=mm&r=g\",\"contentUrl\":\"https:\/\/secure.gravatar.com\/avatar\/d61c12c57ad48dd8660631fef8b7a4e4266be5bbb3fc22ada4cfc6e0e201f68c?s=96&d=mm&r=g\",\"caption\":\"Bruno\"}}]}<\/script>\n<!-- \/ Yoast SEO plugin. -->","yoast_head_json":{"title":"Beate Herborn - fotostudio karl","description":"Euer Foto-Allrounder in Limburg an der Lahn. Ihr findet uns auf Hochzeiten, Abi-B\u00e4llen, in Kinderg\u00e4rten und Schulen, Tanzschulen, im Portraitstudio oder auf der Apfelwiese, im Passbildstudio in Limburg in der Grabenstrasse, im Portraitstudio in Offheim und an der Location eurer Wahl. Wir bringen euch unsere Fotobox mit Spa\u00dfgarantie, oder fotografieren euer Produkt, Firma, Ger\u00e4t oder Auto vor Ort oder im gro\u00dfen Werbestudio in Offheim.","robots":{"index":"index","follow":"follow","max-snippet":"max-snippet:-1","max-image-preview":"max-image-preview:large","max-video-preview":"max-video-preview:-1"},"canonical":"http:\/\/fotostudio-karl.de\/blog\/index.php\/2019\/04\/03\/beate-herborn\/","og_locale":"de_DE","og_type":"article","og_title":"Beate Herborn - fotostudio karl","og_description":"Euer Foto-Allrounder in Limburg an der Lahn. Ihr findet uns auf Hochzeiten, Abi-B\u00e4llen, in Kinderg\u00e4rten und Schulen, Tanzschulen, im Portraitstudio oder auf der Apfelwiese, im Passbildstudio in Limburg in der Grabenstrasse, im Portraitstudio in Offheim und an der Location eurer Wahl. Wir bringen euch unsere Fotobox mit Spa\u00dfgarantie, oder fotografieren euer Produkt, Firma, Ger\u00e4t oder Auto vor Ort oder im gro\u00dfen Werbestudio in Offheim.","og_url":"http:\/\/fotostudio-karl.de\/blog\/index.php\/2019\/04\/03\/beate-herborn\/","og_site_name":"fotostudio karl","article_publisher":"https:\/\/www.facebook.com\/Fotostudio-Karl-GmbH-100206283391338\/","article_published_time":"2019-04-03T10:54:34+00:00","article_modified_time":"2020-04-16T13:05:51+00:00","og_image":[{"width":1500,"height":1500,"url":"http:\/\/fotostudio-karl.de\/blog\/wp-content\/uploads\/2019\/04\/pola-beate.jpg","type":"image\/jpeg"}],"author":"Bruno","twitter_card":"summary_large_image","twitter_misc":{"Verfasst von":"Bruno"},"schema":{"@context":"https:\/\/schema.org","@graph":[{"@type":"Article","@id":"http:\/\/fotostudio-karl.de\/blog\/index.php\/2019\/04\/03\/beate-herborn\/#article","isPartOf":{"@id":"http:\/\/fotostudio-karl.de\/blog\/index.php\/2019\/04\/03\/beate-herborn\/"},"author":{"name":"Bruno","@id":"http:\/\/fotostudio-karl.de\/blog\/#\/schema\/person\/fe0502f320a56657147509674513995a"},"headline":"Beate Herborn","datePublished":"2019-04-03T10:54:34+00:00","dateModified":"2020-04-16T13:05:51+00:00","mainEntityOfPage":{"@id":"http:\/\/fotostudio-karl.de\/blog\/index.php\/2019\/04\/03\/beate-herborn\/"},"wordCount":2,"publisher":{"@id":"http:\/\/fotostudio-karl.de\/blog\/#organization"},"keywords":["Beate Herborn","Fotografin","Laborantin","Studio Limburg","Studio Offheim"],"articleSection":["Mitarbeiter"],"inLanguage":"de"},{"@type":"WebPage","@id":"http:\/\/fotostudio-karl.de\/blog\/index.php\/2019\/04\/03\/beate-herborn\/","url":"http:\/\/fotostudio-karl.de\/blog\/index.php\/2019\/04\/03\/beate-herborn\/","name":"Beate Herborn - fotostudio karl","isPartOf":{"@id":"http:\/\/fotostudio-karl.de\/blog\/#website"},"datePublished":"2019-04-03T10:54:34+00:00","dateModified":"2020-04-16T13:05:51+00:00","description":"Euer Foto-Allrounder in Limburg an der Lahn. Ihr findet uns auf Hochzeiten, Abi-B\u00e4llen, in Kinderg\u00e4rten und Schulen, Tanzschulen, im Portraitstudio oder auf der Apfelwiese, im Passbildstudio in Limburg in der Grabenstrasse, im Portraitstudio in Offheim und an der Location eurer Wahl. Wir bringen euch unsere Fotobox mit Spa\u00dfgarantie, oder fotografieren euer Produkt, Firma, Ger\u00e4t oder Auto vor Ort oder im gro\u00dfen Werbestudio in Offheim.","breadcrumb":{"@id":"http:\/\/fotostudio-karl.de\/blog\/index.php\/2019\/04\/03\/beate-herborn\/#breadcrumb"},"inLanguage":"de","potentialAction":[{"@type":"ReadAction","target":["http:\/\/fotostudio-karl.de\/blog\/index.php\/2019\/04\/03\/beate-herborn\/"]}]},{"@type":"BreadcrumbList","@id":"http:\/\/fotostudio-karl.de\/blog\/index.php\/2019\/04\/03\/beate-herborn\/#breadcrumb","itemListElement":[{"@type":"ListItem","position":1,"name":"Startseite","item":"http:\/\/fotostudio-karl.de\/blog\/"},{"@type":"ListItem","position":2,"name":"Beate Herborn"}]},{"@type":"WebSite","@id":"http:\/\/fotostudio-karl.de\/blog\/#website","url":"http:\/\/fotostudio-karl.de\/blog\/","name":"fotostudio karl","description":"Limburgs Foto-Allrounder","publisher":{"@id":"http:\/\/fotostudio-karl.de\/blog\/#organization"},"potentialAction":[{"@type":"SearchAction","target":{"@type":"EntryPoint","urlTemplate":"http:\/\/fotostudio-karl.de\/blog\/?s={search_term_string}"},"query-input":"required name=search_term_string"}],"inLanguage":"de"},{"@type":"Organization","@id":"http:\/\/fotostudio-karl.de\/blog\/#organization","name":"fotostudio karl GmbH","url":"http:\/\/fotostudio-karl.de\/blog\/","logo":{"@type":"ImageObject","inLanguage":"de","@id":"http:\/\/fotostudio-karl.de\/blog\/#\/schema\/logo\/image\/","url":"http:\/\/fotostudio-karl.de\/blog\/wp-content\/uploads\/2019\/03\/fotostudio-karl.gif","contentUrl":"http:\/\/fotostudio-karl.de\/blog\/wp-content\/uploads\/2019\/03\/fotostudio-karl.gif","width":791,"height":791,"caption":"fotostudio karl GmbH"},"image":{"@id":"http:\/\/fotostudio-karl.de\/blog\/#\/schema\/logo\/image\/"},"sameAs":["https:\/\/www.facebook.com\/Fotostudio-Karl-GmbH-100206283391338\/","https:\/\/www.instagram.com\/fotostudio_karl\/"]},{"@type":"Person","@id":"http:\/\/fotostudio-karl.de\/blog\/#\/schema\/person\/fe0502f320a56657147509674513995a","name":"Bruno","image":{"@type":"ImageObject","inLanguage":"de","@id":"http:\/\/fotostudio-karl.de\/blog\/#\/schema\/person\/image\/","url":"https:\/\/secure.gravatar.com\/avatar\/d61c12c57ad48dd8660631fef8b7a4e4266be5bbb3fc22ada4cfc6e0e201f68c?s=96&d=mm&r=g","contentUrl":"https:\/\/secure.gravatar.com\/avatar\/d61c12c57ad48dd8660631fef8b7a4e4266be5bbb3fc22ada4cfc6e0e201f68c?s=96&d=mm&r=g","caption":"Bruno"}}]}},"_links":{"self":[{"href":"http:\/\/fotostudio-karl.de\/blog\/index.php\/wp-json\/wp\/v2\/posts\/463","targetHints":{"allow":["GET"]}}],"collection":[{"href":"http:\/\/fotostudio-karl.de\/blog\/index.php\/wp-json\/wp\/v2\/posts"}],"about":[{"href":"http:\/\/fotostudio-karl.de\/blog\/index.php\/wp-json\/wp\/v2\/types\/post"}],"author":[{"embeddable":true,"href":"http:\/\/fotostudio-karl.de\/blog\/index.php\/wp-json\/wp\/v2\/users\/1"}],"replies":[{"embeddable":true,"href":"http:\/\/fotostudio-karl.de\/blog\/index.php\/wp-json\/wp\/v2\/comments?post=463"}],"version-history":[{"count":4,"href":"http:\/\/fotostudio-karl.de\/blog\/index.php\/wp-json\/wp\/v2\/posts\/463\/revisions"}],"predecessor-version":[{"id":1297,"href":"http:\/\/fotostudio-karl.de\/blog\/index.php\/wp-json\/wp\/v2\/posts\/463\/revisions\/1297"}],"wp:featuredmedia":[{"embeddable":true,"href":"http:\/\/fotostudio-karl.de\/blog\/index.php\/wp-json\/wp\/v2\/media\/446"}],"wp:attachment":[{"href":"http:\/\/fotostudio-karl.de\/blog\/index.php\/wp-json\/wp\/v2\/media?parent=463"}],"wp:term":[{"taxonomy":"category","embeddable":true,"href":"http:\/\/fotostudio-karl.de\/blog\/index.php\/wp-json\/wp\/v2\/categories?post=463"},{"taxonomy":"post_tag","embeddable":true,"href":"http:\/\/fotostudio-karl.de\/blog\/index.php\/wp-json\/wp\/v2\/tags?post=463"}],"curies":[{"name":"wp","href":"https:\/\/api.w.org\/{rel}","templated":true}]}}