{"id":329,"date":"2019-03-27T16:10:59","date_gmt":"2019-03-27T15:10:59","guid":{"rendered":"http:\/\/fotostudio-karl.de\/blog\/?p=329"},"modified":"2024-10-31T10:52:18","modified_gmt":"2024-10-31T09:52:18","slug":"irisfotos","status":"publish","type":"post","link":"http:\/\/fotostudio-karl.de\/blog\/index.php\/2019\/03\/27\/irisfotos\/","title":{"rendered":"Irisfotos"},"content":{"rendered":"\n<figure class=\"wp-block-image\"><img loading=\"lazy\" decoding=\"async\" width=\"1024\" height=\"684\" src=\"http:\/\/fotostudio-karl.de\/blog\/wp-content\/uploads\/2019\/03\/iris-collage-1024x684.jpg\" alt=\"\" class=\"wp-image-1213\" srcset=\"http:\/\/fotostudio-karl.de\/blog\/wp-content\/uploads\/2019\/03\/iris-collage-1024x684.jpg 1024w, http:\/\/fotostudio-karl.de\/blog\/wp-content\/uploads\/2019\/03\/iris-collage-300x200.jpg 300w, http:\/\/fotostudio-karl.de\/blog\/wp-content\/uploads\/2019\/03\/iris-collage-768x513.jpg 768w\" sizes=\"auto, (max-width: 1024px) 100vw, 1024px\" \/><\/figure>\n\n\n\n<figure class=\"wp-block-pullquote\"><blockquote><p>Augenblick mal! <\/p><cite>Wir schauen euch tief in die Augen und bringen innere Welten zum Vorschein.<\/cite><\/blockquote><\/figure>\n\n\n\n<pre class=\"wp-block-verse\"><\/pre>\n\n\n\n<figure class=\"wp-block-image\"><img loading=\"lazy\" decoding=\"async\" width=\"1024\" height=\"684\" src=\"http:\/\/fotostudio-karl.de\/blog\/wp-content\/uploads\/2019\/03\/iris-crash-1024x684.jpg\" alt=\"Iris Explosion\" class=\"wp-image-1193\" srcset=\"http:\/\/fotostudio-karl.de\/blog\/wp-content\/uploads\/2019\/03\/iris-crash-1024x684.jpg 1024w, http:\/\/fotostudio-karl.de\/blog\/wp-content\/uploads\/2019\/03\/iris-crash-300x200.jpg 300w, http:\/\/fotostudio-karl.de\/blog\/wp-content\/uploads\/2019\/03\/iris-crash-768x513.jpg 768w\" sizes=\"auto, (max-width: 1024px) 100vw, 1024px\" \/><\/figure>\n\n\n\n<p class=\"has-medium-font-size\">Naja, das ist jetzt vielleicht ein bisschen \u00fcbertrieben, aber ungew\u00f6hnlich sieht&#8217;s schon aus. Probier es doch mal aus.<\/p>\n\n\n\n<p class=\"has-medium-font-size\">Wenn wir dir sagen du hast wundersch\u00f6ne Augen, dann musst du uns das nat\u00fcrlich nicht unbedingt glauben. Aber du kannst ein Foto machen lassen und dir sozusagen selbst ein Bild machen.<\/p>\n\n\n\n<p class=\"has-medium-font-size\">&#8230; oder ihr kommt mit der ganzen Familie. Dann sieht man gleich ganz genau wer wessen Augen hat.<\/p>\n\n\n\n<figure class=\"wp-block-image\"><img loading=\"lazy\" decoding=\"async\" width=\"1024\" height=\"1024\" src=\"http:\/\/fotostudio-karl.de\/blog\/wp-content\/uploads\/2019\/03\/iriden-familie-1-1024x1024.jpg\" alt=\"Irisfoto Familie\" class=\"wp-image-1210\" srcset=\"http:\/\/fotostudio-karl.de\/blog\/wp-content\/uploads\/2019\/03\/iriden-familie-1-1024x1024.jpg 1024w, http:\/\/fotostudio-karl.de\/blog\/wp-content\/uploads\/2019\/03\/iriden-familie-1-150x150.jpg 150w, http:\/\/fotostudio-karl.de\/blog\/wp-content\/uploads\/2019\/03\/iriden-familie-1-300x300.jpg 300w, http:\/\/fotostudio-karl.de\/blog\/wp-content\/uploads\/2019\/03\/iriden-familie-1-768x768.jpg 768w, http:\/\/fotostudio-karl.de\/blog\/wp-content\/uploads\/2019\/03\/iriden-familie-1-260x260.jpg 260w, http:\/\/fotostudio-karl.de\/blog\/wp-content\/uploads\/2019\/03\/iriden-familie-1-290x290.jpg 290w, http:\/\/fotostudio-karl.de\/blog\/wp-content\/uploads\/2019\/03\/iriden-familie-1-210x210.jpg 210w, http:\/\/fotostudio-karl.de\/blog\/wp-content\/uploads\/2019\/03\/iriden-familie-1-400x400.jpg 400w, http:\/\/fotostudio-karl.de\/blog\/wp-content\/uploads\/2019\/03\/iriden-familie-1-600x600.jpg 600w\" sizes=\"auto, (max-width: 1024px) 100vw, 1024px\" \/><figcaption class=\"wp-element-caption\">Irisfoto Familie<\/figcaption><\/figure>\n\n\n\n<p class=\"has-medium-font-size\">Mach einfach einen Termin f\u00fcr ein schnelles Irisshooting  unter der 06431-52411 in unserem Studio in Offheim aus.<\/p>\n\n\n\n<p class=\"has-medium-font-size\">Ein paar Labortage nach unseren Shooting haben wir dann dein Irisfoto entweder als Bild, auf Acryl oder als Leinwand f\u00fcr dich fertig.<\/p>\n\n\n\n<figure class=\"wp-block-image\"><img loading=\"lazy\" decoding=\"async\" width=\"683\" height=\"1024\" src=\"http:\/\/fotostudio-karl.de\/blog\/wp-content\/uploads\/2019\/03\/iris-bild-683x1024.jpg\" alt=\"\" class=\"wp-image-1212\" srcset=\"http:\/\/fotostudio-karl.de\/blog\/wp-content\/uploads\/2019\/03\/iris-bild-683x1024.jpg 683w, http:\/\/fotostudio-karl.de\/blog\/wp-content\/uploads\/2019\/03\/iris-bild-200x300.jpg 200w, http:\/\/fotostudio-karl.de\/blog\/wp-content\/uploads\/2019\/03\/iris-bild-768x1151.jpg 768w\" sizes=\"auto, (max-width: 683px) 100vw, 683px\" \/><\/figure>\n\n\n\n<p class=\"has-white-color has-text-color has-link-color wp-elements-4a2b5186dd6d59f3a6df4d02a681b6a2\"><a href=\"http:\/\/fotostudio-karl.de\/blog\/index.php\/fotobox\/\">Hier geht&#8217;s zu unserer Fotobox mit Spa\u00dfgarantie<\/a>. <\/p>\n","protected":false},"excerpt":{"rendered":"<p>Augenblick mal! Wir schauen euch tief in die Augen und bringen innere Welten zum Vorschein. Naja, das ist jetzt vielleicht ein bisschen \u00fcbertrieben, aber ungew\u00f6hnlich sieht&#8217;s schon aus. Probier es doch mal aus. Wenn wir dir sagen du hast wundersch\u00f6ne Augen, dann musst du uns das nat\u00fcrlich nicht unbedingt glauben. Aber du kannst ein Foto&#8230;<\/p>\n","protected":false},"author":1,"featured_media":1199,"comment_status":"closed","ping_status":"closed","sticky":false,"template":"","format":"standard","meta":{"ngg_post_thumbnail":0,"footnotes":""},"categories":[1,6],"tags":[28,30,31,29,27],"class_list":["post-329","post","type-post","status-publish","format-standard","has-post-thumbnail","hentry","category-allgemein","category-galerien","tag-auge","tag-geschenkidee","tag-gutschein","tag-iris","tag-irisfotos"],"yoast_head":"<!-- This site is optimized with the Yoast SEO plugin v21.9.1 - https:\/\/yoast.com\/wordpress\/plugins\/seo\/ -->\n<title>Irisfotos - fotostudio karl<\/title>\n<meta name=\"description\" content=\"Wir schauen euch tief in die Augen und kreieren ein ganz pers\u00f6nliches Kunstwerk: Euer Irisfoto als Sinnbild eurer ganz eigenene Welt.\" \/>\n<meta name=\"robots\" content=\"index, follow, max-snippet:-1, max-image-preview:large, max-video-preview:-1\" \/>\n<link rel=\"canonical\" href=\"http:\/\/fotostudio-karl.de\/blog\/index.php\/2019\/03\/27\/irisfotos\/\" \/>\n<meta property=\"og:locale\" content=\"de_DE\" \/>\n<meta property=\"og:type\" content=\"article\" \/>\n<meta property=\"og:title\" content=\"Irisfotos - fotostudio karl\" \/>\n<meta property=\"og:description\" content=\"Wir schauen euch tief in die Augen und kreieren ein ganz pers\u00f6nliches Kunstwerk: Euer Irisfoto als Sinnbild eurer ganz eigenene Welt.\" \/>\n<meta property=\"og:url\" content=\"http:\/\/fotostudio-karl.de\/blog\/index.php\/2019\/03\/27\/irisfotos\/\" \/>\n<meta property=\"og:site_name\" content=\"fotostudio karl\" \/>\n<meta property=\"article:publisher\" content=\"https:\/\/www.facebook.com\/Fotostudio-Karl-GmbH-100206283391338\/\" \/>\n<meta property=\"article:published_time\" content=\"2019-03-27T15:10:59+00:00\" \/>\n<meta property=\"article:modified_time\" content=\"2024-10-31T09:52:18+00:00\" \/>\n<meta property=\"og:image\" content=\"http:\/\/fotostudio-karl.de\/blog\/wp-content\/uploads\/2019\/03\/iris-blau-1-1024x1024.jpg\" \/>\n\t<meta property=\"og:image:width\" content=\"1024\" \/>\n\t<meta property=\"og:image:height\" content=\"1024\" \/>\n\t<meta property=\"og:image:type\" content=\"image\/jpeg\" \/>\n<meta name=\"author\" content=\"Bruno\" \/>\n<meta name=\"twitter:card\" content=\"summary_large_image\" \/>\n<meta name=\"twitter:label1\" content=\"Verfasst von\" \/>\n\t<meta name=\"twitter:data1\" content=\"Bruno\" \/>\n\t<meta name=\"twitter:label2\" content=\"Gesch\u00e4tzte Lesezeit\" \/>\n\t<meta name=\"twitter:data2\" content=\"2\u00a0Minuten\" \/>\n<script type=\"application\/ld+json\" class=\"yoast-schema-graph\">{\"@context\":\"https:\/\/schema.org\",\"@graph\":[{\"@type\":\"Article\",\"@id\":\"http:\/\/fotostudio-karl.de\/blog\/index.php\/2019\/03\/27\/irisfotos\/#article\",\"isPartOf\":{\"@id\":\"http:\/\/fotostudio-karl.de\/blog\/index.php\/2019\/03\/27\/irisfotos\/\"},\"author\":{\"name\":\"Bruno\",\"@id\":\"http:\/\/fotostudio-karl.de\/blog\/#\/schema\/person\/fe0502f320a56657147509674513995a\"},\"headline\":\"Irisfotos\",\"datePublished\":\"2019-03-27T15:10:59+00:00\",\"dateModified\":\"2024-10-31T09:52:18+00:00\",\"mainEntityOfPage\":{\"@id\":\"http:\/\/fotostudio-karl.de\/blog\/index.php\/2019\/03\/27\/irisfotos\/\"},\"wordCount\":136,\"publisher\":{\"@id\":\"http:\/\/fotostudio-karl.de\/blog\/#organization\"},\"keywords\":[\"Auge\",\"Geschenkidee\",\"Gutschein\",\"Iris\",\"Irisfotos\"],\"articleSection\":{\"1\":\"Galerien\"},\"inLanguage\":\"de\"},{\"@type\":\"WebPage\",\"@id\":\"http:\/\/fotostudio-karl.de\/blog\/index.php\/2019\/03\/27\/irisfotos\/\",\"url\":\"http:\/\/fotostudio-karl.de\/blog\/index.php\/2019\/03\/27\/irisfotos\/\",\"name\":\"Irisfotos - fotostudio karl\",\"isPartOf\":{\"@id\":\"http:\/\/fotostudio-karl.de\/blog\/#website\"},\"datePublished\":\"2019-03-27T15:10:59+00:00\",\"dateModified\":\"2024-10-31T09:52:18+00:00\",\"description\":\"Wir schauen euch tief in die Augen und kreieren ein ganz pers\u00f6nliches Kunstwerk: Euer Irisfoto als Sinnbild eurer ganz eigenene Welt.\",\"breadcrumb\":{\"@id\":\"http:\/\/fotostudio-karl.de\/blog\/index.php\/2019\/03\/27\/irisfotos\/#breadcrumb\"},\"inLanguage\":\"de\",\"potentialAction\":[{\"@type\":\"ReadAction\",\"target\":[\"http:\/\/fotostudio-karl.de\/blog\/index.php\/2019\/03\/27\/irisfotos\/\"]}]},{\"@type\":\"BreadcrumbList\",\"@id\":\"http:\/\/fotostudio-karl.de\/blog\/index.php\/2019\/03\/27\/irisfotos\/#breadcrumb\",\"itemListElement\":[{\"@type\":\"ListItem\",\"position\":1,\"name\":\"Startseite\",\"item\":\"http:\/\/fotostudio-karl.de\/blog\/\"},{\"@type\":\"ListItem\",\"position\":2,\"name\":\"Irisfotos\"}]},{\"@type\":\"WebSite\",\"@id\":\"http:\/\/fotostudio-karl.de\/blog\/#website\",\"url\":\"http:\/\/fotostudio-karl.de\/blog\/\",\"name\":\"fotostudio karl\",\"description\":\"Limburgs Foto-Allrounder\",\"publisher\":{\"@id\":\"http:\/\/fotostudio-karl.de\/blog\/#organization\"},\"potentialAction\":[{\"@type\":\"SearchAction\",\"target\":{\"@type\":\"EntryPoint\",\"urlTemplate\":\"http:\/\/fotostudio-karl.de\/blog\/?s={search_term_string}\"},\"query-input\":\"required name=search_term_string\"}],\"inLanguage\":\"de\"},{\"@type\":\"Organization\",\"@id\":\"http:\/\/fotostudio-karl.de\/blog\/#organization\",\"name\":\"fotostudio karl GmbH\",\"url\":\"http:\/\/fotostudio-karl.de\/blog\/\",\"logo\":{\"@type\":\"ImageObject\",\"inLanguage\":\"de\",\"@id\":\"http:\/\/fotostudio-karl.de\/blog\/#\/schema\/logo\/image\/\",\"url\":\"http:\/\/fotostudio-karl.de\/blog\/wp-content\/uploads\/2019\/03\/fotostudio-karl.gif\",\"contentUrl\":\"http:\/\/fotostudio-karl.de\/blog\/wp-content\/uploads\/2019\/03\/fotostudio-karl.gif\",\"width\":791,\"height\":791,\"caption\":\"fotostudio karl GmbH\"},\"image\":{\"@id\":\"http:\/\/fotostudio-karl.de\/blog\/#\/schema\/logo\/image\/\"},\"sameAs\":[\"https:\/\/www.facebook.com\/Fotostudio-Karl-GmbH-100206283391338\/\",\"https:\/\/www.instagram.com\/fotostudio_karl\/\"]},{\"@type\":\"Person\",\"@id\":\"http:\/\/fotostudio-karl.de\/blog\/#\/schema\/person\/fe0502f320a56657147509674513995a\",\"name\":\"Bruno\",\"image\":{\"@type\":\"ImageObject\",\"inLanguage\":\"de\",\"@id\":\"http:\/\/fotostudio-karl.de\/blog\/#\/schema\/person\/image\/\",\"url\":\"https:\/\/secure.gravatar.com\/avatar\/d61c12c57ad48dd8660631fef8b7a4e4266be5bbb3fc22ada4cfc6e0e201f68c?s=96&d=mm&r=g\",\"contentUrl\":\"https:\/\/secure.gravatar.com\/avatar\/d61c12c57ad48dd8660631fef8b7a4e4266be5bbb3fc22ada4cfc6e0e201f68c?s=96&d=mm&r=g\",\"caption\":\"Bruno\"}}]}<\/script>\n<!-- \/ Yoast SEO plugin. -->","yoast_head_json":{"title":"Irisfotos - fotostudio karl","description":"Wir schauen euch tief in die Augen und kreieren ein ganz pers\u00f6nliches Kunstwerk: Euer Irisfoto als Sinnbild eurer ganz eigenene Welt.","robots":{"index":"index","follow":"follow","max-snippet":"max-snippet:-1","max-image-preview":"max-image-preview:large","max-video-preview":"max-video-preview:-1"},"canonical":"http:\/\/fotostudio-karl.de\/blog\/index.php\/2019\/03\/27\/irisfotos\/","og_locale":"de_DE","og_type":"article","og_title":"Irisfotos - fotostudio karl","og_description":"Wir schauen euch tief in die Augen und kreieren ein ganz pers\u00f6nliches Kunstwerk: Euer Irisfoto als Sinnbild eurer ganz eigenene Welt.","og_url":"http:\/\/fotostudio-karl.de\/blog\/index.php\/2019\/03\/27\/irisfotos\/","og_site_name":"fotostudio karl","article_publisher":"https:\/\/www.facebook.com\/Fotostudio-Karl-GmbH-100206283391338\/","article_published_time":"2019-03-27T15:10:59+00:00","article_modified_time":"2024-10-31T09:52:18+00:00","og_image":[{"width":1024,"height":1024,"url":"http:\/\/fotostudio-karl.de\/blog\/wp-content\/uploads\/2019\/03\/iris-blau-1-1024x1024.jpg","type":"image\/jpeg"}],"author":"Bruno","twitter_card":"summary_large_image","twitter_misc":{"Verfasst von":"Bruno","Gesch\u00e4tzte Lesezeit":"2\u00a0Minuten"},"schema":{"@context":"https:\/\/schema.org","@graph":[{"@type":"Article","@id":"http:\/\/fotostudio-karl.de\/blog\/index.php\/2019\/03\/27\/irisfotos\/#article","isPartOf":{"@id":"http:\/\/fotostudio-karl.de\/blog\/index.php\/2019\/03\/27\/irisfotos\/"},"author":{"name":"Bruno","@id":"http:\/\/fotostudio-karl.de\/blog\/#\/schema\/person\/fe0502f320a56657147509674513995a"},"headline":"Irisfotos","datePublished":"2019-03-27T15:10:59+00:00","dateModified":"2024-10-31T09:52:18+00:00","mainEntityOfPage":{"@id":"http:\/\/fotostudio-karl.de\/blog\/index.php\/2019\/03\/27\/irisfotos\/"},"wordCount":136,"publisher":{"@id":"http:\/\/fotostudio-karl.de\/blog\/#organization"},"keywords":["Auge","Geschenkidee","Gutschein","Iris","Irisfotos"],"articleSection":{"1":"Galerien"},"inLanguage":"de"},{"@type":"WebPage","@id":"http:\/\/fotostudio-karl.de\/blog\/index.php\/2019\/03\/27\/irisfotos\/","url":"http:\/\/fotostudio-karl.de\/blog\/index.php\/2019\/03\/27\/irisfotos\/","name":"Irisfotos - fotostudio karl","isPartOf":{"@id":"http:\/\/fotostudio-karl.de\/blog\/#website"},"datePublished":"2019-03-27T15:10:59+00:00","dateModified":"2024-10-31T09:52:18+00:00","description":"Wir schauen euch tief in die Augen und kreieren ein ganz pers\u00f6nliches Kunstwerk: Euer Irisfoto als Sinnbild eurer ganz eigenene Welt.","breadcrumb":{"@id":"http:\/\/fotostudio-karl.de\/blog\/index.php\/2019\/03\/27\/irisfotos\/#breadcrumb"},"inLanguage":"de","potentialAction":[{"@type":"ReadAction","target":["http:\/\/fotostudio-karl.de\/blog\/index.php\/2019\/03\/27\/irisfotos\/"]}]},{"@type":"BreadcrumbList","@id":"http:\/\/fotostudio-karl.de\/blog\/index.php\/2019\/03\/27\/irisfotos\/#breadcrumb","itemListElement":[{"@type":"ListItem","position":1,"name":"Startseite","item":"http:\/\/fotostudio-karl.de\/blog\/"},{"@type":"ListItem","position":2,"name":"Irisfotos"}]},{"@type":"WebSite","@id":"http:\/\/fotostudio-karl.de\/blog\/#website","url":"http:\/\/fotostudio-karl.de\/blog\/","name":"fotostudio karl","description":"Limburgs Foto-Allrounder","publisher":{"@id":"http:\/\/fotostudio-karl.de\/blog\/#organization"},"potentialAction":[{"@type":"SearchAction","target":{"@type":"EntryPoint","urlTemplate":"http:\/\/fotostudio-karl.de\/blog\/?s={search_term_string}"},"query-input":"required name=search_term_string"}],"inLanguage":"de"},{"@type":"Organization","@id":"http:\/\/fotostudio-karl.de\/blog\/#organization","name":"fotostudio karl GmbH","url":"http:\/\/fotostudio-karl.de\/blog\/","logo":{"@type":"ImageObject","inLanguage":"de","@id":"http:\/\/fotostudio-karl.de\/blog\/#\/schema\/logo\/image\/","url":"http:\/\/fotostudio-karl.de\/blog\/wp-content\/uploads\/2019\/03\/fotostudio-karl.gif","contentUrl":"http:\/\/fotostudio-karl.de\/blog\/wp-content\/uploads\/2019\/03\/fotostudio-karl.gif","width":791,"height":791,"caption":"fotostudio karl GmbH"},"image":{"@id":"http:\/\/fotostudio-karl.de\/blog\/#\/schema\/logo\/image\/"},"sameAs":["https:\/\/www.facebook.com\/Fotostudio-Karl-GmbH-100206283391338\/","https:\/\/www.instagram.com\/fotostudio_karl\/"]},{"@type":"Person","@id":"http:\/\/fotostudio-karl.de\/blog\/#\/schema\/person\/fe0502f320a56657147509674513995a","name":"Bruno","image":{"@type":"ImageObject","inLanguage":"de","@id":"http:\/\/fotostudio-karl.de\/blog\/#\/schema\/person\/image\/","url":"https:\/\/secure.gravatar.com\/avatar\/d61c12c57ad48dd8660631fef8b7a4e4266be5bbb3fc22ada4cfc6e0e201f68c?s=96&d=mm&r=g","contentUrl":"https:\/\/secure.gravatar.com\/avatar\/d61c12c57ad48dd8660631fef8b7a4e4266be5bbb3fc22ada4cfc6e0e201f68c?s=96&d=mm&r=g","caption":"Bruno"}}]}},"_links":{"self":[{"href":"http:\/\/fotostudio-karl.de\/blog\/index.php\/wp-json\/wp\/v2\/posts\/329","targetHints":{"allow":["GET"]}}],"collection":[{"href":"http:\/\/fotostudio-karl.de\/blog\/index.php\/wp-json\/wp\/v2\/posts"}],"about":[{"href":"http:\/\/fotostudio-karl.de\/blog\/index.php\/wp-json\/wp\/v2\/types\/post"}],"author":[{"embeddable":true,"href":"http:\/\/fotostudio-karl.de\/blog\/index.php\/wp-json\/wp\/v2\/users\/1"}],"replies":[{"embeddable":true,"href":"http:\/\/fotostudio-karl.de\/blog\/index.php\/wp-json\/wp\/v2\/comments?post=329"}],"version-history":[{"count":13,"href":"http:\/\/fotostudio-karl.de\/blog\/index.php\/wp-json\/wp\/v2\/posts\/329\/revisions"}],"predecessor-version":[{"id":1828,"href":"http:\/\/fotostudio-karl.de\/blog\/index.php\/wp-json\/wp\/v2\/posts\/329\/revisions\/1828"}],"wp:featuredmedia":[{"embeddable":true,"href":"http:\/\/fotostudio-karl.de\/blog\/index.php\/wp-json\/wp\/v2\/media\/1199"}],"wp:attachment":[{"href":"http:\/\/fotostudio-karl.de\/blog\/index.php\/wp-json\/wp\/v2\/media?parent=329"}],"wp:term":[{"taxonomy":"category","embeddable":true,"href":"http:\/\/fotostudio-karl.de\/blog\/index.php\/wp-json\/wp\/v2\/categories?post=329"},{"taxonomy":"post_tag","embeddable":true,"href":"http:\/\/fotostudio-karl.de\/blog\/index.php\/wp-json\/wp\/v2\/tags?post=329"}],"curies":[{"name":"wp","href":"https:\/\/api.w.org\/{rel}","templated":true}]}}